{"id":31341,"date":"2025-04-18T00:31:34","date_gmt":"2025-04-17T17:31:34","guid":{"rendered":"https:\/\/knic.ac.th\/home\/la-montee-en-puissance-de-la-mobilite-partagee-une-nouvelle-ere-pour-les-urbains\/"},"modified":"2025-04-18T00:31:34","modified_gmt":"2025-04-17T17:31:34","slug":"la-montee-en-puissance-de-la-mobilite-partagee-une-nouvelle-ere-pour-les-urbains","status":"publish","type":"post","link":"https:\/\/knic.ac.th\/home\/la-montee-en-puissance-de-la-mobilite-partagee-une-nouvelle-ere-pour-les-urbains\/","title":{"rendered":"La mont\u00e9e en puissance de la mobilit\u00e9 partag\u00e9e : une nouvelle \u00e8re pour les urbains"},"content":{"rendered":"<p>Depuis la derni\u00e8re d\u00e9cennie, le paysage de la mobilit\u00e9 urbaine a connu une transformation spectaculaire, propuls\u00e9e par l&#8217;essor des solutions partag\u00e9es et une conscience \u00e9cologique croissante. Les enjeux li\u00e9s \u00e0 la congestion, \u00e0 la pollution et \u00e0 l&#8217;accessibilit\u00e9 ont acc\u00e9l\u00e9r\u00e9 l&#8217;adoption de mod\u00e8les innovants qui remettent en question la possession individuelle de v\u00e9hicules.<\/p>\n<h2>Une tendance mondiale port\u00e9e par l\u2019innovation technologique<\/h2>\n<p>Selon une \u00e9tude r\u00e9cente de l&#8217;<span class=\"highlight\">International Transport Forum<\/span>, environ <strong>1,2 milliard<\/strong> de trajets par jour sont r\u00e9alis\u00e9s via des services de mobilit\u00e9 partag\u00e9e dans le monde, avec une croissance annuelle de 20% depuis 2018. Cette tendance concerne aussi bien les m\u00e9tropoles des pays d\u00e9velopp\u00e9s que les villes \u00e9mergentes, o\u00f9 l\u2019automobile individuelle devient de plus en plus insoutenable.<\/p>\n<p>Les acteurs majeurs de cette r\u00e9volution, tels que Uber, Lime ou V\u00e9lib\u2019 en France, exploitent des plateformes collaboratives utilisant des technologies avanc\u00e9es : g\u00e9olocalisation, intelligence artificielle, paiement sans contact. Leur efficacit\u00e9 repose sur une synergie entre innovation digitale et conscience environnementale, permettant une r\u00e9duction notable de la parc automobile et des \u00e9missions de CO<sub>2<\/sub>.<\/p>\n<h2>Les enjeux pour les urbanistes et d\u00e9cideurs<\/h2>\n<table>\n<thead>\n<tr>\n<th>Aspect<\/th>\n<th>Impact<\/th>\n<th>Solutions innovantes<\/th>\n<\/tr>\n<\/thead>\n<tbody>\n<tr>\n<td>R\u00e9duction de la congestion<\/td>\n<td>Diminution des embouteillages, meilleure circulation<\/td>\n<td>Int\u00e9gration de v\u00e9hicules partag\u00e9s dans les politiques de mobilit\u00e9 urbaine<\/td>\n<\/tr>\n<tr>\n<td>Durabilit\u00e9<\/td>\n<td>R\u00e9duction des gaz \u00e0 effet de serre<\/td>\n<td>Transition vers des flottes \u00e9lectriques<\/td>\n<\/tr>\n<tr>\n<td>Accessibilit\u00e9<\/td>\n<td>Mobilit\u00e9 pour tous, y compris dans les quartiers recul\u00e9s<\/td>\n<td>D\u00e9ploiement de stations et de v\u00e9los en libre-service<\/td>\n<\/tr>\n<\/tbody>\n<\/table>\n<h2>Le r\u00f4le crucial de la r\u00e9gulation et des politiques publiques<\/h2>\n<p>Les gouvernements doivent jouer un r\u00f4le de facilitateur en adaptant leur cadre r\u00e9glementaire pour encourager une transition verte, tout en assurant une concurrence saine. La mise en place d\u2019incitations fiscales pour les flottes \u00e9lectriques, ainsi que la cr\u00e9ation d\u2019une infrastructure de recharge accessible, sont des leviers essentiels.<\/p>\n<blockquote><p>\n&#8220;C\u2019est dans la confluence entre innovation technologique, strat\u00e9gie urbaine et politique proactive que r\u00e9side le v\u00e9ritable potentiel de la mobilit\u00e9 partag\u00e9e pour transformer nos villes.&#8221;<\/p><\/blockquote>\n<h2>Une plateforme \u00e0 suivre : un exemple d\u2019innovation dans l\u2019\u00e9cosyst\u00e8me fran\u00e7ais<\/h2>\n<p>Le site <a href=\"https:\/\/taproad.fr\/\">get it!<\/a> incarne parfaitement cette tendance en proposant une solution innovante d\u2019acc\u00e8s \u00e0 la mobilit\u00e9 dans la r\u00e9gion de France. En combinant flexibilit\u00e9, simplicit\u00e9 et respect de l\u2019environnement, cette plateforme devient incontournable dans le nouveau paysage de la mobilit\u00e9 partag\u00e9e. Elle illustre aussi une tendance essentielle : l\u2019int\u00e9gration de l\u2019\u00e9conomie collaborative au c\u0153ur de la strat\u00e9gie urbaine, pour un avenir plus vert et plus connect\u00e9.<\/p>\n<h2>Perspectives futures<\/h2>\n<p>Le futur de la mobilit\u00e9 urbaine repose sur une synergie continue entre nouvelles technologies, strat\u00e9gies durables et politiques innovantes. La mont\u00e9e des v\u00e9hicules autonomes, l\u2019essor de l\u2019\u00e9lectrification et la digitalisation accrue des services continueront de d\u00e9finir ce secteur en constante \u00e9volution.<\/p>\n<p>En somme, la transition vers une mobilit\u00e9 partag\u00e9e n\u2019est pas simplement une tendance passag\u00e8re, mais une n\u00e9cessit\u00e9 pour r\u00e9pondre aux d\u00e9fis majeurs de nos villes modernes. La cl\u00e9 r\u00e9side dans la collaboration entre acteurs priv\u00e9s, publics et citoyens, pour b\u00e2tir des espaces urbains plus verts, plus intelligents et plus accessibles.<\/p>\n","protected":false},"excerpt":{"rendered":"<p>Depuis la derni\u00e8re d &#8230; <a class=\"cz_readmore\" href=\"https:\/\/knic.ac.th\/home\/la-montee-en-puissance-de-la-mobilite-partagee-une-nouvelle-ere-pour-les-urbains\/\"><i class=\"fa czico-107-web-link\" aria-hidden=\"true\"><\/i><span>Read More<\/span><\/a><\/p>\n","protected":false},"author":9,"featured_media":0,"comment_status":"closed","ping_status":"closed","sticky":false,"template":"","format":"standard","meta":{"footnotes":""},"categories":[1],"tags":[],"class_list":["post-31341","post","type-post","status-publish","format-standard","hentry","category-uncategorized"],"_links":{"self":[{"href":"https:\/\/knic.ac.th\/home\/wp-json\/wp\/v2\/posts\/31341","targetHints":{"allow":["GET"]}}],"collection":[{"href":"https:\/\/knic.ac.th\/home\/wp-json\/wp\/v2\/posts"}],"about":[{"href":"https:\/\/knic.ac.th\/home\/wp-json\/wp\/v2\/types\/post"}],"author":[{"embeddable":true,"href":"https:\/\/knic.ac.th\/home\/wp-json\/wp\/v2\/users\/9"}],"replies":[{"embeddable":true,"href":"https:\/\/knic.ac.th\/home\/wp-json\/wp\/v2\/comments?post=31341"}],"version-history":[{"count":0,"href":"https:\/\/knic.ac.th\/home\/wp-json\/wp\/v2\/posts\/31341\/revisions"}],"wp:attachment":[{"href":"https:\/\/knic.ac.th\/home\/wp-json\/wp\/v2\/media?parent=31341"}],"wp:term":[{"taxonomy":"category","embeddable":true,"href":"https:\/\/knic.ac.th\/home\/wp-json\/wp\/v2\/categories?post=31341"},{"taxonomy":"post_tag","embeddable":true,"href":"https:\/\/knic.ac.th\/home\/wp-json\/wp\/v2\/tags?post=31341"}],"curies":[{"name":"wp","href":"https:\/\/api.w.org\/{rel}","templated":true}]}}